{"id":1068,"date":"2015-08-04T13:13:01","date_gmt":"2015-08-04T10:13:01","guid":{"rendered":"http:\/\/www.magazinhabercim.com\/?p=1068"},"modified":"2015-08-15T19:40:46","modified_gmt":"2015-08-15T16:40:46","slug":"dj-bora-ozdemir-ile-keyifli-roportaj","status":"publish","type":"post","link":"https:\/\/www.magazinhabercim.com\/index.php\/dj-bora-ozdemir-ile-keyifli-roportaj\/","title":{"rendered":"Dj Bora \u00d6zdemir ile keyifli r\u00f6portaj !"},"content":{"rendered":"<h4><a href=\"https:\/\/www.magazinhabercim.com\/wp-content\/uploads\/BORA.jpg\"><img loading=\"lazy\" decoding=\"async\" class=\"alignleft size-medium wp-image-1069\" src=\"https:\/\/www.magazinhabercim.com\/wp-content\/uploads\/BORA-300x300.jpg\" alt=\"BORA\" width=\"300\" height=\"300\" srcset=\"https:\/\/www.magazinhabercim.com\/wp-content\/uploads\/BORA-300x300.jpg 300w, https:\/\/www.magazinhabercim.com\/wp-content\/uploads\/BORA-150x150.jpg 150w, https:\/\/www.magazinhabercim.com\/wp-content\/uploads\/BORA.jpg 615w\" sizes=\"(max-width: 300px) 100vw, 300px\" \/><\/a>1-\u00d6ncelikle Sizleri Tan\u0131mayanlar \u0130\u00e7in Kendinizden Biraz Bahseder Misiniz ?<\/h4>\n<p>Kendi halinde sadece i\u015flerime odaklanan ,etliye de s\u00fctl\u00fcyede kar\u0131\u015fmayan bir ki\u015fili\u011fimle E\u011flenmeyi, e\u011flendirmeyi severim, nefesim m\u00fcziktir diyebilirim. aslen malatya\u2019da do\u011fdum istanbul\u2019da b\u00fcy\u00fcd\u00fcm son 10 y\u0131ld\u0131rl\u0131 Antalya\u2019da ikametgah etmekteyim. Antalya\u2019da 2014 y\u0131l\u0131nda Kurulu\u015funu yapt\u0131\u011f\u0131m Baalkoon Media Production \u015eirketinin ve Elektronik Dans M\u00fczik yay\u0131n\u0131 yapan Radio Baalkoon\u2019un Y\u00f6neticili\u011fine devam etmekteyim.<\/p>\n<h4>2-M\u00fczik sekt\u00f6r\u00fcnde ka\u00e7 y\u0131l\u0131 geride b\u0131rakt\u0131n\u0131z?<\/h4>\n<p>Profesyonel ve deneyimli olarak bu y\u0131l ile birlikte 9. y\u0131l geride kald\u0131.<\/p>\n<h4>3-DJ\u2019lik yapmaya nas\u0131l ve ne zaman ba\u015flad\u0131n\u0131z ?<\/h4>\n<p>\u00c7ocuklu ya\u015flarda annemin organize etti\u011fi alt\u0131n g\u00fcnlerinde hani \u015fu pasta b\u00f6reklerin yap\u0131l\u0131p ay\u015fe teyzelerin nejla ablalar\u0131m\u0131z\u0131n gelip dedikodu yap\u0131p birbirlerini \u00e7eki\u015ftirdi\u011fi birde o pasta b\u00f6rekleri yedikten sonra ayy \u00e7ok mu yedik diyip kalk\u0131p oynay\u0131p z\u0131playarak eritmek istedi\u011fi o g\u00fcnlerde mezdeki kasetini m\u00fczik setinin kaset \u00e7alar\u0131na tak\u0131p play tu\u015funa bast\u0131\u011f\u0131m an dj\u2019likte ki kariyer hayat\u0131m\u0131n ba\u015flad\u0131\u011f\u0131n\u0131 anlad\u0131m. \ud83d\ude42<\/p>\n<h4>4-2014 senesi sizin a\u00e7\u0131n\u0131zdan nas\u0131l ge\u00e7ti ?<\/h4>\n<p>Yo\u011fun bir i\u015f temposu ticaretle u\u011fra\u015fmaktan m\u00fczik kariyerime ara verdi\u011fim bir d\u00f6nemdi diyebilirim.<\/p>\n<h4>5-Bir m\u00fczik aleti \u00e7al\u0131yormusunuz?<\/h4>\n<p>Darbuka hastas\u0131y\u0131m \ud83d\ude42<\/p>\n<h4>6-D\u00fcnya \u00e7ap\u0131nda kendinize \u00f6rnek ald\u0131\u011f\u0131m\u0131z dj varm\u0131 hangi \u00f6zelli\u011finden dolay\u0131 ?<\/h4>\n<p>M\u00fczik tarz\u0131yla, yapt\u0131\u011f\u0131 prod\u00fcksiyonlarla Calvin Harris diyebilirim.<\/p>\n<h4>7-\u00dclkemizde iyi dj ve produktorlerde yok de\u011fil. Fakat uluslar aras\u0131 alanlarda sizleri fazla g\u00f6remiyoruz nedeni sizce nedir ?<\/h4>\n<p>Genelde G\u00f6rmek isteyenlere g\u00f6r\u00fcnd\u00fc\u011f\u00fcm\u00fczden olsa gerek ..G\u00fcn\u00fcm\u00fcz\u00fcn yabanc\u0131 b\u00fcy\u00fck dj ve produkt\u00f6rleri birbirlerine destek olduklar\u0131 i\u00e7in ve bizim \u00fclkemizde hen\u00fcz bu k\u00fclt\u00fcr\u00fcn geli\u015fmedi\u011finden bir \u00e7ok t\u00fcrk djleri uluslar aras\u0131 festival ve partilerde g\u00f6rmekte zorlan\u0131yoruz. bizim bir birimize rakip olmam\u0131z de\u011fil destek olmam\u0131z gerek ki her yerde g\u00f6r\u00fcnelim<\/p>\n<h4>8-\u00d6n\u00fcm\u00fczdeki g\u00fcnlerde m\u00fczik ad\u0131na en \u00e7ok yapmak istedi\u011finiz \u015fey nedir ?<\/h4>\n<p>\u00dclkemizde her kitlenin severek dinledi\u011fi bir eseri taraf\u0131mca yeniden d\u00fczenleyip birde klip \u00e7ekme plan\u0131m\u0131z var en k\u0131sa zamanda s\u00fcpriz diyelim.<\/p>\n<h4>9-T\u00fcrkiye\u2019de elektronik m\u00fczi\u011fin ilerleyi\u015fini nas\u0131l g\u00f6r\u00fcyorsunuz?<\/h4>\n<p>\u00e7ok g\u00fczel gidiyor \u00f6zellikle kendi kurmu\u015f oldu\u011fum elektronik m\u00fczik yay\u0131n\u0131 yapan radyomuzda bunu daha net g\u00f6rebiliyorum.<\/p>\n<h4>10-Hangi Menajer ve yap\u0131mc\u0131 ile \u00e7al\u0131\u015fmay\u0131 d\u00fc\u015f\u00fcn\u00fcyorsunuz ?<\/h4>\n<p>Uzun s\u00fcredir yap\u0131mc\u0131 menajer FURKAN KAYA ile birlikte \u00e7al\u0131\u015fmaktay\u0131m.<\/p>\n","protected":false},"excerpt":{"rendered":"<p>1-\u00d6ncelikle Sizleri Tan\u0131mayanlar \u0130\u00e7in Kendinizden Biraz Bahseder Misiniz ? Kendi halinde sadece i\u015flerime odaklanan ,etliye de s\u00fctl\u00fcyede kar\u0131\u015fmayan bir ki\u015fili\u011fimle E\u011flenmeyi, e\u011flendirmeyi severim, nefesim m\u00fcziktir diyebilirim. aslen malatya\u2019da do\u011fdum istanbul\u2019da b\u00fcy\u00fcd\u00fcm son 10 y\u0131ld\u0131rl\u0131 Antalya\u2019da ikametgah etmekteyim. Antalya\u2019da 2014 y\u0131l\u0131nda Kurulu\u015funu yapt\u0131\u011f\u0131m Baalkoon Media Production \u015eirketinin ve Elektronik Dans M\u00fczik yay\u0131n\u0131 yapan Radio Baalkoon\u2019un Y\u00f6neticili\u011fine&#8230;<\/p>\n","protected":false},"author":1,"featured_media":1069,"comment_status":"open","ping_status":"open","sticky":false,"template":"","format":"standard","meta":{"footnotes":""},"categories":[8],"tags":[356,140,196],"_links":{"self":[{"href":"https:\/\/www.magazinhabercim.com\/index.php\/wp-json\/wp\/v2\/posts\/1068"}],"collection":[{"href":"https:\/\/www.magazinhabercim.com\/index.php\/wp-json\/wp\/v2\/posts"}],"about":[{"href":"https:\/\/www.magazinhabercim.com\/index.php\/wp-json\/wp\/v2\/types\/post"}],"author":[{"embeddable":true,"href":"https:\/\/www.magazinhabercim.com\/index.php\/wp-json\/wp\/v2\/users\/1"}],"replies":[{"embeddable":true,"href":"https:\/\/www.magazinhabercim.com\/index.php\/wp-json\/wp\/v2\/comments?post=1068"}],"version-history":[{"count":1,"href":"https:\/\/www.magazinhabercim.com\/index.php\/wp-json\/wp\/v2\/posts\/1068\/revisions"}],"predecessor-version":[{"id":1070,"href":"https:\/\/www.magazinhabercim.com\/index.php\/wp-json\/wp\/v2\/posts\/1068\/revisions\/1070"}],"wp:featuredmedia":[{"embeddable":true,"href":"https:\/\/www.magazinhabercim.com\/index.php\/wp-json\/wp\/v2\/media\/1069"}],"wp:attachment":[{"href":"https:\/\/www.magazinhabercim.com\/index.php\/wp-json\/wp\/v2\/media?parent=1068"}],"wp:term":[{"taxonomy":"category","embeddable":true,"href":"https:\/\/www.magazinhabercim.com\/index.php\/wp-json\/wp\/v2\/categories?post=1068"},{"taxonomy":"post_tag","embeddable":true,"href":"https:\/\/www.magazinhabercim.com\/index.php\/wp-json\/wp\/v2\/tags?post=1068"}],"curies":[{"name":"wp","href":"https:\/\/api.w.org\/{rel}","templated":true}]}}