{"id":1074,"date":"2015-08-04T21:53:25","date_gmt":"2015-08-04T18:53:25","guid":{"rendered":"http:\/\/www.magazinhabercim.com\/?p=1074"},"modified":"2015-08-15T19:58:46","modified_gmt":"2015-08-15T16:58:46","slug":"demet-akalinin-kizi-hira-hastanelik-oldu","status":"publish","type":"post","link":"https:\/\/www.magazinhabercim.com\/index.php\/demet-akalinin-kizi-hira-hastanelik-oldu\/","title":{"rendered":"Demet Akal\u0131n&#8217;\u0131n k\u0131z\u0131 Hira Hastanelik Oldu !"},"content":{"rendered":"<p><a href=\"https:\/\/www.magazinhabercim.com\/wp-content\/uploads\/demet2.jpg\"><img loading=\"lazy\" decoding=\"async\" class=\"alignleft size-medium wp-image-1075\" src=\"https:\/\/www.magazinhabercim.com\/wp-content\/uploads\/demet2-300x268.jpg\" alt=\"demet\" width=\"300\" height=\"268\" srcset=\"https:\/\/www.magazinhabercim.com\/wp-content\/uploads\/demet2-300x268.jpg 300w, https:\/\/www.magazinhabercim.com\/wp-content\/uploads\/demet2.jpg 457w\" sizes=\"(max-width: 300px) 100vw, 300px\" \/><\/a><\/p>\n<h3>Demet Akal\u0131n&#8217;\u0131n k\u0131z\u0131 Hira Hastanelik Oldu !<\/h3>\n<p>Son zamanlarda Tv8 ekranlar\u0131nda yay\u0131nlanan ve \u00fcnl\u00fc \u015fark\u0131c\u0131 Demet Akal\u0131n&#8217;\u0131n da juri koltu\u011funda oturdu\u011fu &#8221;Rising Star&#8221; yar\u0131\u015fmas\u0131 d\u00fcn ak\u015fam ilk b\u00f6l\u00fcm\u00fcyle ekranlara geldi. Yar\u0131\u015fma s\u0131ras\u0131nda k\u0131z\u0131n\u0131n rahats\u0131zland\u0131\u011f\u0131n\u0131 duyan Demet Akal\u0131n yar\u0131\u015fma sonras\u0131nda k\u0131z\u0131 Hira&#8217;y\u0131 apar topar hastaneye g\u00f6t\u00fcrd\u00fc. Allah kimseyi evlad\u0131yla s\u0131namas\u0131n diyen \u00fcnl\u00fc sanat\u00e7\u0131,kendisini yaln\u0131z b\u0131rakmayan G\u00fclben Ergen&#8217;e sosyal payla\u015f\u0131m sitesi \u00fczerinden te\u015fekk\u00fcrlerini iletti.<\/p>\n<p>Demet Akal\u0131n&#8217;\u0131n sosyal medyadan yay\u0131nlad\u0131\u011f\u0131 o mesaj ; &#8221;&#8221;Allah herkesin evlad\u0131n\u0131 ba\u011f\u0131\u015flas\u0131n. Programdan \u00e7\u0131kt\u0131\u011f\u0131mdan beri hastanedeyiz. Hira&#8217;m i\u00e7in. Allah kimseyi evlad\u0131yla s\u0131namas\u0131n, gecenin bir yar\u0131s\u0131 tek telefonla \u015fu saate kadar Hira&#8217;n\u0131n dibinden ayr\u0131lmayan can G\u00fclben ve can G\u00fcl ben sizin hakk\u0131n\u0131z\u0131 nas\u0131l \u00f6deyece\u011fim?&#8221; dedi. G\u00fclben Ergen&#8217;in bu t\u00fcr konularda olduk\u00e7a duyarl\u0131 oldu\u011fu Deniz Seki&#8217;den de ge\u00e7ti\u011fimiz g\u00fcnlerde bir mektup ald\u0131\u011f\u0131 biliniyor.<\/p>\n","protected":false},"excerpt":{"rendered":"<p>Demet Akal\u0131n&#8217;\u0131n k\u0131z\u0131 Hira Hastanelik Oldu ! Son zamanlarda Tv8 ekranlar\u0131nda yay\u0131nlanan ve \u00fcnl\u00fc \u015fark\u0131c\u0131 Demet Akal\u0131n&#8217;\u0131n da juri koltu\u011funda oturdu\u011fu &#8221;Rising Star&#8221; yar\u0131\u015fmas\u0131 d\u00fcn ak\u015fam ilk b\u00f6l\u00fcm\u00fcyle ekranlara geldi. Yar\u0131\u015fma s\u0131ras\u0131nda k\u0131z\u0131n\u0131n rahats\u0131zland\u0131\u011f\u0131n\u0131 duyan Demet Akal\u0131n yar\u0131\u015fma sonras\u0131nda k\u0131z\u0131 Hira&#8217;y\u0131 apar topar hastaneye g\u00f6t\u00fcrd\u00fc. Allah kimseyi evlad\u0131yla s\u0131namas\u0131n diyen \u00fcnl\u00fc sanat\u00e7\u0131,kendisini yaln\u0131z b\u0131rakmayan G\u00fclben&#8230;<\/p>\n","protected":false},"author":1,"featured_media":1075,"comment_status":"open","ping_status":"open","sticky":false,"template":"","format":"standard","meta":{"footnotes":""},"categories":[13],"tags":[314,182,360,359],"_links":{"self":[{"href":"https:\/\/www.magazinhabercim.com\/index.php\/wp-json\/wp\/v2\/posts\/1074"}],"collection":[{"href":"https:\/\/www.magazinhabercim.com\/index.php\/wp-json\/wp\/v2\/posts"}],"about":[{"href":"https:\/\/www.magazinhabercim.com\/index.php\/wp-json\/wp\/v2\/types\/post"}],"author":[{"embeddable":true,"href":"https:\/\/www.magazinhabercim.com\/index.php\/wp-json\/wp\/v2\/users\/1"}],"replies":[{"embeddable":true,"href":"https:\/\/www.magazinhabercim.com\/index.php\/wp-json\/wp\/v2\/comments?post=1074"}],"version-history":[{"count":1,"href":"https:\/\/www.magazinhabercim.com\/index.php\/wp-json\/wp\/v2\/posts\/1074\/revisions"}],"predecessor-version":[{"id":1076,"href":"https:\/\/www.magazinhabercim.com\/index.php\/wp-json\/wp\/v2\/posts\/1074\/revisions\/1076"}],"wp:featuredmedia":[{"embeddable":true,"href":"https:\/\/www.magazinhabercim.com\/index.php\/wp-json\/wp\/v2\/media\/1075"}],"wp:attachment":[{"href":"https:\/\/www.magazinhabercim.com\/index.php\/wp-json\/wp\/v2\/media?parent=1074"}],"wp:term":[{"taxonomy":"category","embeddable":true,"href":"https:\/\/www.magazinhabercim.com\/index.php\/wp-json\/wp\/v2\/categories?post=1074"},{"taxonomy":"post_tag","embeddable":true,"href":"https:\/\/www.magazinhabercim.com\/index.php\/wp-json\/wp\/v2\/tags?post=1074"}],"curies":[{"name":"wp","href":"https:\/\/api.w.org\/{rel}","templated":true}]}}