{"id":1115,"date":"2015-08-05T22:50:20","date_gmt":"2015-08-05T19:50:20","guid":{"rendered":"http:\/\/www.magazinhabercim.com\/?p=1115"},"modified":"2015-08-16T22:56:26","modified_gmt":"2015-08-16T19:56:26","slug":"ece-erkenin-kocasi-itiraf-etti","status":"publish","type":"post","link":"https:\/\/www.magazinhabercim.com\/index.php\/ece-erkenin-kocasi-itiraf-etti\/","title":{"rendered":"Ece Erken&#8217;in Kocas\u0131 \u0130tiraf Etti !"},"content":{"rendered":"<p><a href=\"https:\/\/www.magazinhabercim.com\/wp-content\/uploads\/ece.jpg\"><img loading=\"lazy\" decoding=\"async\" class=\"alignleft  wp-image-1116\" src=\"https:\/\/www.magazinhabercim.com\/wp-content\/uploads\/ece-273x300.jpg\" alt=\"ece\" width=\"187\" height=\"206\" srcset=\"https:\/\/www.magazinhabercim.com\/wp-content\/uploads\/ece-273x300.jpg 273w, https:\/\/www.magazinhabercim.com\/wp-content\/uploads\/ece.jpg 500w\" sizes=\"(max-width: 187px) 100vw, 187px\" \/><\/a><\/p>\n<h3>Ece Erken&#8217;in Kocas\u0131 \u0130tiraf Etti !<\/h3>\n<p>\u00dcnl\u00fc sunucu Ece Erken&#8217;in \u015fiddet g\u00f6rd\u00fc\u011f\u00fc iddias\u0131yla tert etti\u011fi e\u015fi Serkan U\u00e7ar sosyal payla\u015f\u0131m sitesi instagram \u00fczerindeki bir takip\u00e7isine sinirlenerek \u00e7arp\u0131c\u0131 bir a\u00e7\u0131klamada bulundu. Ece Erken&#8217;in \u015fiddet g\u00f6rd\u00fc\u011f\u00fc iddias\u0131yla terk etti\u011fi, Serkan U\u00e7ar ve Ece Erken bir birlerine \u00e7ok a\u011f\u0131r s\u00f6zler sarf etmi\u015fti.Ancak ikili bu olaydan bir s\u00fcre sonra bar\u0131\u015ft\u0131klar\u0131n\u0131 ve anla\u015fmal\u0131 olarak ayr\u0131lacaklar\u0131n\u0131 dile getirmi\u015fti.<\/p>\n<p>Ge\u00e7ti\u011fimiz g\u00fcnlerde \u00e7ocuklar\u0131 Eymen ile birlikte ailecek bir tatil yapt\u0131lar. Ece Erken ve Serkan U\u00e7ar bu tatilde mutluluk pozu verdiler. Bu olaylar\u0131n hemen ard\u0131ndan Serkan U\u00e7ar sosyal payla\u015f\u0131m sitesi instagram \u00fczerinden yapt\u0131\u011f\u0131 bir a\u00e7\u0131klamayla g\u00fcndeme bomba gibi d\u00fc\u015ft\u00fc.Serkan U\u00e7ar bir foto\u011fraf\u0131n alt\u0131na\u00a0\u201cE\u011fer iki insan\u0131n birlikte olmas\u0131 gerekiyorsa, eninde sonunda birbirlerine d\u00f6nmenin yolunu bulurlar\u201d \u015feklinde bir not d\u00fc\u015ft\u00fc. Serkan U\u00e7ar daha sonra bir takip\u00e7isine sinirlenerek ,\u00a0\u201cSana ne karde\u015fim, ben kar\u0131m\u0131 seviyorum. Bar\u0131\u015fmak istiyorum\u201d \u015feklinde bir a\u00e7\u0131klamada bulundu.<\/p>\n","protected":false},"excerpt":{"rendered":"<p>Ece Erken&#8217;in Kocas\u0131 \u0130tiraf Etti ! \u00dcnl\u00fc sunucu Ece Erken&#8217;in \u015fiddet g\u00f6rd\u00fc\u011f\u00fc iddias\u0131yla tert etti\u011fi e\u015fi Serkan U\u00e7ar sosyal payla\u015f\u0131m sitesi instagram \u00fczerindeki bir takip\u00e7isine sinirlenerek \u00e7arp\u0131c\u0131 bir a\u00e7\u0131klamada bulundu. Ece Erken&#8217;in \u015fiddet g\u00f6rd\u00fc\u011f\u00fc iddias\u0131yla terk etti\u011fi, Serkan U\u00e7ar ve Ece Erken bir birlerine \u00e7ok a\u011f\u0131r s\u00f6zler sarf etmi\u015fti.Ancak ikili bu olaydan bir s\u00fcre sonra&#8230;<\/p>\n","protected":false},"author":1,"featured_media":1116,"comment_status":"open","ping_status":"open","sticky":false,"template":"","format":"standard","meta":{"footnotes":""},"categories":[13],"tags":[389,391,392,390],"_links":{"self":[{"href":"https:\/\/www.magazinhabercim.com\/index.php\/wp-json\/wp\/v2\/posts\/1115"}],"collection":[{"href":"https:\/\/www.magazinhabercim.com\/index.php\/wp-json\/wp\/v2\/posts"}],"about":[{"href":"https:\/\/www.magazinhabercim.com\/index.php\/wp-json\/wp\/v2\/types\/post"}],"author":[{"embeddable":true,"href":"https:\/\/www.magazinhabercim.com\/index.php\/wp-json\/wp\/v2\/users\/1"}],"replies":[{"embeddable":true,"href":"https:\/\/www.magazinhabercim.com\/index.php\/wp-json\/wp\/v2\/comments?post=1115"}],"version-history":[{"count":1,"href":"https:\/\/www.magazinhabercim.com\/index.php\/wp-json\/wp\/v2\/posts\/1115\/revisions"}],"predecessor-version":[{"id":1117,"href":"https:\/\/www.magazinhabercim.com\/index.php\/wp-json\/wp\/v2\/posts\/1115\/revisions\/1117"}],"wp:featuredmedia":[{"embeddable":true,"href":"https:\/\/www.magazinhabercim.com\/index.php\/wp-json\/wp\/v2\/media\/1116"}],"wp:attachment":[{"href":"https:\/\/www.magazinhabercim.com\/index.php\/wp-json\/wp\/v2\/media?parent=1115"}],"wp:term":[{"taxonomy":"category","embeddable":true,"href":"https:\/\/www.magazinhabercim.com\/index.php\/wp-json\/wp\/v2\/categories?post=1115"},{"taxonomy":"post_tag","embeddable":true,"href":"https:\/\/www.magazinhabercim.com\/index.php\/wp-json\/wp\/v2\/tags?post=1115"}],"curies":[{"name":"wp","href":"https:\/\/api.w.org\/{rel}","templated":true}]}}