{"id":1124,"date":"2015-08-17T23:32:57","date_gmt":"2015-08-17T20:32:57","guid":{"rendered":"http:\/\/www.magazinhabercim.com\/?p=1124"},"modified":"2015-08-17T23:32:57","modified_gmt":"2015-08-17T20:32:57","slug":"beren-saat-kayin-validesini-sildi","status":"publish","type":"post","link":"https:\/\/www.magazinhabercim.com\/index.php\/beren-saat-kayin-validesini-sildi\/","title":{"rendered":"Beren Saat Kay\u0131n validesini Sildi !"},"content":{"rendered":"<h3><a href=\"https:\/\/www.magazinhabercim.com\/wp-content\/uploads\/beren.jpg\"><img loading=\"lazy\" decoding=\"async\" class=\"alignleft size-medium wp-image-1125\" src=\"https:\/\/www.magazinhabercim.com\/wp-content\/uploads\/beren-300x192.jpg\" alt=\"beren\" width=\"300\" height=\"192\" srcset=\"https:\/\/www.magazinhabercim.com\/wp-content\/uploads\/beren-300x192.jpg 300w, https:\/\/www.magazinhabercim.com\/wp-content\/uploads\/beren.jpg 640w\" sizes=\"(max-width: 300px) 100vw, 300px\" \/><\/a>Beren Saat Kay\u0131n validesini Sildi !<\/h3>\n<p>Ge\u00e7ti\u011fimiz aylarda ba\u015far\u0131l\u0131 sanat\u00e7\u0131 Kenan Do\u011fulu ile d\u00fcnya evine giren Beren Saat,\u015fu ara Do\u011fulu ailesi ile sorunlar ya\u015f\u0131yor. Sosyal payla\u015f\u0131m sitesi instagram \u00fczerinden yapt\u0131\u011f\u0131 siyasi payla\u015f\u0131mlarla kay\u0131n validesinden uyar\u0131 alan ba\u015far\u0131l\u0131 oyuncu,payla\u015f\u0131mlar\u0131n\u0131 devam ettirince kay\u0131n validesi ve eltisi ile aras\u0131 a\u00e7\u0131lm\u0131\u015ft\u0131. Anne Do\u011fulu , Beren&#8217;in payla\u015f\u0131mlar\u0131n\u0131n b\u00fct\u00fcn aileyi etkiledi\u011fini s\u00f6ylemi\u015fti.<\/p>\n<p>Ge\u00e7ti\u011fimiz g\u00fcnlerde e\u015fi Kenan Do\u011fulu ile birlikte Amerika Birle\u015fik Devletlerine giden ba\u015far\u0131l\u0131 oyuncu,sosyal medya hesab\u0131 instagram \u00fczerinden kay\u0131n vadelidesi ve eltisi Ece Do\u011fulu&#8217;yu takip etmekten \u00e7\u0131kard\u0131. Ayr\u0131ca \u00fcnl\u00fc \u015fark\u0131c\u0131 Kenan Do\u011fulu&#8217;nun da abisi Ozan Do\u011fulu,karde\u015fi Ece ve Canan Do\u011fulu&#8217;yu instagram takip etti\u011fi ve annesini takibi b\u0131rakt\u0131\u011f\u0131 g\u00f6r\u00fcld\u00fc. \u00d6yle g\u00f6r\u00fcn\u00fcyor ki Do\u011fulu ailesinde ipler gerildi ve gerginlik zirveye dayand\u0131 .<\/p>\n","protected":false},"excerpt":{"rendered":"<p>Beren Saat Kay\u0131n validesini Sildi ! Ge\u00e7ti\u011fimiz aylarda ba\u015far\u0131l\u0131 sanat\u00e7\u0131 Kenan Do\u011fulu ile d\u00fcnya evine giren Beren Saat,\u015fu ara Do\u011fulu ailesi ile sorunlar ya\u015f\u0131yor. Sosyal payla\u015f\u0131m sitesi instagram \u00fczerinden yapt\u0131\u011f\u0131 siyasi payla\u015f\u0131mlarla kay\u0131n validesinden uyar\u0131 alan ba\u015far\u0131l\u0131 oyuncu,payla\u015f\u0131mlar\u0131n\u0131 devam ettirince kay\u0131n validesi ve eltisi ile aras\u0131 a\u00e7\u0131lm\u0131\u015ft\u0131. Anne Do\u011fulu , Beren&#8217;in payla\u015f\u0131mlar\u0131n\u0131n b\u00fct\u00fcn aileyi etkiledi\u011fini&#8230;<\/p>\n","protected":false},"author":1,"featured_media":1125,"comment_status":"open","ping_status":"open","sticky":false,"template":"","format":"standard","meta":{"footnotes":""},"categories":[138,13],"tags":[397,398,399,401,400],"_links":{"self":[{"href":"https:\/\/www.magazinhabercim.com\/index.php\/wp-json\/wp\/v2\/posts\/1124"}],"collection":[{"href":"https:\/\/www.magazinhabercim.com\/index.php\/wp-json\/wp\/v2\/posts"}],"about":[{"href":"https:\/\/www.magazinhabercim.com\/index.php\/wp-json\/wp\/v2\/types\/post"}],"author":[{"embeddable":true,"href":"https:\/\/www.magazinhabercim.com\/index.php\/wp-json\/wp\/v2\/users\/1"}],"replies":[{"embeddable":true,"href":"https:\/\/www.magazinhabercim.com\/index.php\/wp-json\/wp\/v2\/comments?post=1124"}],"version-history":[{"count":1,"href":"https:\/\/www.magazinhabercim.com\/index.php\/wp-json\/wp\/v2\/posts\/1124\/revisions"}],"predecessor-version":[{"id":1126,"href":"https:\/\/www.magazinhabercim.com\/index.php\/wp-json\/wp\/v2\/posts\/1124\/revisions\/1126"}],"wp:featuredmedia":[{"embeddable":true,"href":"https:\/\/www.magazinhabercim.com\/index.php\/wp-json\/wp\/v2\/media\/1125"}],"wp:attachment":[{"href":"https:\/\/www.magazinhabercim.com\/index.php\/wp-json\/wp\/v2\/media?parent=1124"}],"wp:term":[{"taxonomy":"category","embeddable":true,"href":"https:\/\/www.magazinhabercim.com\/index.php\/wp-json\/wp\/v2\/categories?post=1124"},{"taxonomy":"post_tag","embeddable":true,"href":"https:\/\/www.magazinhabercim.com\/index.php\/wp-json\/wp\/v2\/tags?post=1124"}],"curies":[{"name":"wp","href":"https:\/\/api.w.org\/{rel}","templated":true}]}}