{"id":836,"date":"2015-07-29T22:21:58","date_gmt":"2015-07-29T19:21:58","guid":{"rendered":"http:\/\/www.magazinhabercim.com\/?p=836"},"modified":"2015-07-29T22:21:58","modified_gmt":"2015-07-29T19:21:58","slug":"unlu-popcu-ikinci-kez-baba-oldu","status":"publish","type":"post","link":"https:\/\/www.magazinhabercim.com\/index.php\/unlu-popcu-ikinci-kez-baba-oldu\/","title":{"rendered":"\u00dcnl\u00fc Pop\u00e7u \u0130kinci Kez Baba Oldu !"},"content":{"rendered":"<h4><img loading=\"lazy\" decoding=\"async\" class=\"alignleft wp-image-837 size-medium\" src=\"https:\/\/www.magazinhabercim.com\/wp-content\/uploads\/gokhanozen-300x223.jpg\" alt=\"gokhanozen\" width=\"300\" height=\"223\" srcset=\"https:\/\/www.magazinhabercim.com\/wp-content\/uploads\/gokhanozen-300x223.jpg 300w, https:\/\/www.magazinhabercim.com\/wp-content\/uploads\/gokhanozen.jpg 620w\" sizes=\"(max-width: 300px) 100vw, 300px\" \/>\u00dcnl\u00fc Pop\u00e7u \u0130kinci Kez Baba Oldu !<\/h4>\n<p>T\u00fcrkiye&#8217;nin sevilen ve g\u00fc\u00e7l\u00fc seslerinden pop m\u00fczik sanat\u00e7\u0131s\u0131 G\u00f6khan \u00d6zen , 2010 y\u0131l\u0131nda Cumhuriyet Halk Partisi milletvekillerinden Mehmet Sevigen&#8217;in k\u0131z\u0131 Selen Sevigen ile d\u00fcnya evine girmi\u015fti. \u00c7iftin biricik k\u0131zlar\u0131 ise d\u00fcn d\u00fcnyaya geldi. G\u00f6khan \u00d6zen ise bu g\u00fczel haberi , sevenlerine sosyal medya hesab\u0131 twitter \u00fczerinden verdi.<\/p>\n<p>Sayfas\u0131nda bebe\u011finin hastane odas\u0131nda \u00e7ekilen foto\u011fraflar\u0131 payla\u015fan G\u00f6khan \u00d6zen , foto\u011fraf\u0131n alt\u0131na &#8221;\u00a0Mis gibi g\u00fcn demi\u015ftim&#8230; Allah&#8217;\u0131ma \u015f\u00fck\u00fcrler olsun&#8221; \u015feklinde bir not d\u00fc\u015ft\u00fc. G\u00f6khan \u00d6zen&#8217;in en yak\u0131n arkada\u015flar\u0131ndan Demet Akal\u0131n ise sosyal medya hesab\u0131 \u00fczerinden payla\u015ft\u0131\u011f\u0131 notla herkesi g\u00fcld\u00fcrd\u00fc.<\/p>\n<p>Demet Akal\u0131n &#8221;2. Kez k\u0131z babas\u0131 oldu G\u00f6khan baba&#8230;\u0130yi ki do\u011fdun minik k\u0131z, babana kal\u0131rsa bir ay isim bulamaz sana&#8230; Allah anal\u0131 babal\u0131 b\u00fcy\u00fcts\u00fcn Selen&#8217;im&#8221; \u015feklinde bir notla , G\u00f6khan \u00d6zen&#8217;i tebrik etmi\u015f oldu. Bizlerde Magazin Habercim ailesi olarak \u00d6zen \u00e7iftinin yeni bebeklerinin hay\u0131rl\u0131 olmas\u0131n\u0131 diliyoruz.<\/p>\n<p><a href=\"https:\/\/www.magazinhabercim.com\/wp-content\/uploads\/demet1.jpg\"><img loading=\"lazy\" decoding=\"async\" class=\"alignnone size-full wp-image-838\" src=\"https:\/\/www.magazinhabercim.com\/wp-content\/uploads\/demet1.jpg\" alt=\"demet\" width=\"620\" height=\"826\" srcset=\"https:\/\/www.magazinhabercim.com\/wp-content\/uploads\/demet1.jpg 620w, https:\/\/www.magazinhabercim.com\/wp-content\/uploads\/demet1-225x300.jpg 225w\" sizes=\"(max-width: 620px) 100vw, 620px\" \/><\/a><\/p>\n","protected":false},"excerpt":{"rendered":"<p>\u00dcnl\u00fc Pop\u00e7u \u0130kinci Kez Baba Oldu ! T\u00fcrkiye&#8217;nin sevilen ve g\u00fc\u00e7l\u00fc seslerinden pop m\u00fczik sanat\u00e7\u0131s\u0131 G\u00f6khan \u00d6zen , 2010 y\u0131l\u0131nda Cumhuriyet Halk Partisi milletvekillerinden Mehmet Sevigen&#8217;in k\u0131z\u0131 Selen Sevigen ile d\u00fcnya evine girmi\u015fti. \u00c7iftin biricik k\u0131zlar\u0131 ise d\u00fcn d\u00fcnyaya geldi. G\u00f6khan \u00d6zen ise bu g\u00fczel haberi , sevenlerine sosyal medya hesab\u0131 twitter \u00fczerinden verdi. Sayfas\u0131nda&#8230;<\/p>\n","protected":false},"author":1,"featured_media":837,"comment_status":"open","ping_status":"open","sticky":false,"template":"","format":"standard","meta":{"footnotes":""},"categories":[4,138,11],"tags":[207,206,209,208,140],"_links":{"self":[{"href":"https:\/\/www.magazinhabercim.com\/index.php\/wp-json\/wp\/v2\/posts\/836"}],"collection":[{"href":"https:\/\/www.magazinhabercim.com\/index.php\/wp-json\/wp\/v2\/posts"}],"about":[{"href":"https:\/\/www.magazinhabercim.com\/index.php\/wp-json\/wp\/v2\/types\/post"}],"author":[{"embeddable":true,"href":"https:\/\/www.magazinhabercim.com\/index.php\/wp-json\/wp\/v2\/users\/1"}],"replies":[{"embeddable":true,"href":"https:\/\/www.magazinhabercim.com\/index.php\/wp-json\/wp\/v2\/comments?post=836"}],"version-history":[{"count":1,"href":"https:\/\/www.magazinhabercim.com\/index.php\/wp-json\/wp\/v2\/posts\/836\/revisions"}],"predecessor-version":[{"id":839,"href":"https:\/\/www.magazinhabercim.com\/index.php\/wp-json\/wp\/v2\/posts\/836\/revisions\/839"}],"wp:featuredmedia":[{"embeddable":true,"href":"https:\/\/www.magazinhabercim.com\/index.php\/wp-json\/wp\/v2\/media\/837"}],"wp:attachment":[{"href":"https:\/\/www.magazinhabercim.com\/index.php\/wp-json\/wp\/v2\/media?parent=836"}],"wp:term":[{"taxonomy":"category","embeddable":true,"href":"https:\/\/www.magazinhabercim.com\/index.php\/wp-json\/wp\/v2\/categories?post=836"},{"taxonomy":"post_tag","embeddable":true,"href":"https:\/\/www.magazinhabercim.com\/index.php\/wp-json\/wp\/v2\/tags?post=836"}],"curies":[{"name":"wp","href":"https:\/\/api.w.org\/{rel}","templated":true}]}}