{"id":880,"date":"2015-08-11T17:55:50","date_gmt":"2015-08-11T14:55:50","guid":{"rendered":"http:\/\/www.magazinhabercim.com\/?p=880"},"modified":"2015-08-11T17:55:50","modified_gmt":"2015-08-11T14:55:50","slug":"mehmet-ali-erbilin-yeni-aski-kim","status":"publish","type":"post","link":"https:\/\/www.magazinhabercim.com\/index.php\/mehmet-ali-erbilin-yeni-aski-kim\/","title":{"rendered":"Mehmet Ali Erbil&#8217;in Yeni A\u015fk\u0131 Kim ?"},"content":{"rendered":"<p><a href=\"https:\/\/www.magazinhabercim.com\/wp-content\/uploads\/zeynep-mehmet3_400.jpg\"><img loading=\"lazy\" decoding=\"async\" class=\" size-full wp-image-881 alignleft\" src=\"https:\/\/www.magazinhabercim.com\/wp-content\/uploads\/zeynep-mehmet3_400.jpg\" alt=\"zeynep-mehmet3_400\" width=\"400\" height=\"300\" srcset=\"https:\/\/www.magazinhabercim.com\/wp-content\/uploads\/zeynep-mehmet3_400.jpg 400w, https:\/\/www.magazinhabercim.com\/wp-content\/uploads\/zeynep-mehmet3_400-300x225.jpg 300w\" sizes=\"(max-width: 400px) 100vw, 400px\" \/><\/a><\/p>\n<h5>Mehmet Ali Erbil&#8217;in Yeni A\u015fk\u0131 Kim ?<\/h5>\n<p>T\u00fcrkiye&#8217;nin tan\u0131nan ve sevilen \u015fovmenlerinden Mehmet Ali Erbil , \u00c7ark\u0131felek yar\u0131\u015fmas\u0131n\u0131n g\u00fczel hostas\u0131\u00a0Zeynep Ece Akengin ile a\u015fk m\u0131 ya\u015f\u0131yor ? Haberin detaylar\u0131 magazin habercimde !<\/p>\n<p>Mehmet Ali Erbil sundu\u011fu yar\u0131\u015fma program\u0131nda s\u00fcpriz bir \u015fekilde hosteslik g\u00f6revi verdi\u011fi\u00a0Zeynep Ece Akengin ile ilgili hakk\u0131nda \u00e7\u0131kan haberlerden dolay\u0131 ate\u015f p\u00fcsk\u00fcrd\u00fc ve sonunda a\u015fk ya\u015fad\u0131\u011f\u0131n\u0131 ilan etti ! Akengin ise sosyal medya hesab\u0131\u00a0\u00a0Instagram \u00fczerinden\u00a0\u015funlar\u0131 yazd\u0131: Bir s\u00fcredir \u00e7\u0131kan gereksiz ve asl\u0131 olmayan haberler i\u00e7in malesef art\u0131k sessiz kalamayaca\u011f\u0131m..<\/p>\n<p>Hayat\u0131m resmen kaosa \u00e7evrildi hi\u00e7 alakam olmayan tan\u0131mad\u0131\u011f\u0131m adamlarla ismim yaz\u0131l\u0131 . Herkes bilsin ve i\u00e7i rahat etsin diye s\u00f6yl\u00fcyorum ! Hayat\u0131mdaki tek adam Mehmet Ali Erbil&#8217;dir dedi.<\/p>\n","protected":false},"excerpt":{"rendered":"<p>Mehmet Ali Erbil&#8217;in Yeni A\u015fk\u0131 Kim ? T\u00fcrkiye&#8217;nin tan\u0131nan ve sevilen \u015fovmenlerinden Mehmet Ali Erbil , \u00c7ark\u0131felek yar\u0131\u015fmas\u0131n\u0131n g\u00fczel hostas\u0131\u00a0Zeynep Ece Akengin ile a\u015fk m\u0131 ya\u015f\u0131yor ? Haberin detaylar\u0131 magazin habercimde ! Mehmet Ali Erbil sundu\u011fu yar\u0131\u015fma program\u0131nda s\u00fcpriz bir \u015fekilde hosteslik g\u00f6revi verdi\u011fi\u00a0Zeynep Ece Akengin ile ilgili hakk\u0131nda \u00e7\u0131kan haberlerden dolay\u0131 ate\u015f p\u00fcsk\u00fcrd\u00fc ve&#8230;<\/p>\n","protected":false},"author":1,"featured_media":881,"comment_status":"open","ping_status":"open","sticky":false,"template":"","format":"standard","meta":{"footnotes":""},"categories":[4,138],"tags":[226,227],"_links":{"self":[{"href":"https:\/\/www.magazinhabercim.com\/index.php\/wp-json\/wp\/v2\/posts\/880"}],"collection":[{"href":"https:\/\/www.magazinhabercim.com\/index.php\/wp-json\/wp\/v2\/posts"}],"about":[{"href":"https:\/\/www.magazinhabercim.com\/index.php\/wp-json\/wp\/v2\/types\/post"}],"author":[{"embeddable":true,"href":"https:\/\/www.magazinhabercim.com\/index.php\/wp-json\/wp\/v2\/users\/1"}],"replies":[{"embeddable":true,"href":"https:\/\/www.magazinhabercim.com\/index.php\/wp-json\/wp\/v2\/comments?post=880"}],"version-history":[{"count":1,"href":"https:\/\/www.magazinhabercim.com\/index.php\/wp-json\/wp\/v2\/posts\/880\/revisions"}],"predecessor-version":[{"id":882,"href":"https:\/\/www.magazinhabercim.com\/index.php\/wp-json\/wp\/v2\/posts\/880\/revisions\/882"}],"wp:featuredmedia":[{"embeddable":true,"href":"https:\/\/www.magazinhabercim.com\/index.php\/wp-json\/wp\/v2\/media\/881"}],"wp:attachment":[{"href":"https:\/\/www.magazinhabercim.com\/index.php\/wp-json\/wp\/v2\/media?parent=880"}],"wp:term":[{"taxonomy":"category","embeddable":true,"href":"https:\/\/www.magazinhabercim.com\/index.php\/wp-json\/wp\/v2\/categories?post=880"},{"taxonomy":"post_tag","embeddable":true,"href":"https:\/\/www.magazinhabercim.com\/index.php\/wp-json\/wp\/v2\/tags?post=880"}],"curies":[{"name":"wp","href":"https:\/\/api.w.org\/{rel}","templated":true}]}}