{"id":883,"date":"2015-07-31T09:56:49","date_gmt":"2015-07-31T06:56:49","guid":{"rendered":"http:\/\/www.magazinhabercim.com\/?p=883"},"modified":"2015-08-11T18:05:47","modified_gmt":"2015-08-11T15:05:47","slug":"wilma-elles-bebeklerinin-fotografini-ilk-kez-paylasti","status":"publish","type":"post","link":"https:\/\/www.magazinhabercim.com\/index.php\/wilma-elles-bebeklerinin-fotografini-ilk-kez-paylasti\/","title":{"rendered":"Wilma Elles bebeklerinin foto\u011fraf\u0131n\u0131 ilk kez payla\u015ft\u0131 !"},"content":{"rendered":"<blockquote><p>Wilma Elles iki hafta \u00f6nce Amerika Birle\u015fik Devletlerinin Chicago eyaletinde d\u00fcnyaya getirdi\u011fi ikiz bebeklerinin foto\u011fraf\u0131n\u0131 ilk kez sosyal medyada payla\u015ft\u0131 !<\/p><\/blockquote>\n<p><a href=\"https:\/\/www.magazinhabercim.com\/wp-content\/uploads\/wilmaeles.jpg\"><img loading=\"lazy\" decoding=\"async\" class=\"alignleft wp-image-884 size-medium\" src=\"https:\/\/www.magazinhabercim.com\/wp-content\/uploads\/wilmaeles-300x225.jpg\" alt=\"wilmaeles\" width=\"300\" height=\"225\" srcset=\"https:\/\/www.magazinhabercim.com\/wp-content\/uploads\/wilmaeles-300x225.jpg 300w, https:\/\/www.magazinhabercim.com\/wp-content\/uploads\/wilmaeles.jpg 400w\" sizes=\"(max-width: 300px) 100vw, 300px\" \/><\/a><\/p>\n<h4>Wilma Elles bebeklerinin foto\u011fraf\u0131n\u0131 ilk kez payla\u015ft\u0131 !<\/h4>\n<p>\u0130\u015f adam\u0131 Kerem G\u00f6\u011f\u00fc\u015f , ile s\u00fcrd\u00fcrd\u00fckleri mutlu birlikteliklerinden ikiz bebek D\u00fcnya&#8217;ya getiren Elles foto\u011fraflar\u0131 ilk kez sosyal medya hesab\u0131 instagram \u00fczerinden payla\u015ft\u0131.Alman oyuncu Wilma Elles&#8217;i \u00f6yle bir ge\u00e7er zaman ki dizisiyle tan\u0131m\u0131\u015ft\u0131 T\u00fcrkiye. Bebeklerin biri k\u0131z biri erkek olurken isim konusunda ise hala hen\u00fcz bir karar verilmedi\u011fi bildirildi. \u00c7ocuklar\u0131n sa\u011fl\u0131k durumlar\u0131yla ilgili olarak gayet sa\u011fl\u0131kl\u0131 \u015feklinde a\u00e7\u0131klama yap\u0131l\u0131rken. Elles&#8217;in mutlulu\u011fu ise y\u00fcz\u00fcnden okunur durumda.<\/p>\n<p>Erkek bebe\u011fin 3 kilo 400 gr, k\u0131z bebe\u011fin de 2 kilo 500 gr oldu\u011funu belirten baba Kerem G\u00f6\u011f\u00fc\u015f,e\u015fi Wilma Elles&#8217;in ve \u00e7ocuklar\u0131n\u0131n sa\u011fl\u0131k durumunun iyi oldu\u011funu ve mutlu bir hayat s\u00fcrmeye devam edeceklerini umdu\u011funu belirtti.<\/p>\n","protected":false},"excerpt":{"rendered":"<p>Wilma Elles iki hafta \u00f6nce Amerika Birle\u015fik Devletlerinin Chicago eyaletinde d\u00fcnyaya getirdi\u011fi ikiz bebeklerinin foto\u011fraf\u0131n\u0131 ilk kez sosyal medyada payla\u015ft\u0131 ! Wilma Elles bebeklerinin foto\u011fraf\u0131n\u0131 ilk kez payla\u015ft\u0131 ! \u0130\u015f adam\u0131 Kerem G\u00f6\u011f\u00fc\u015f , ile s\u00fcrd\u00fcrd\u00fckleri mutlu birlikteliklerinden ikiz bebek D\u00fcnya&#8217;ya getiren Elles foto\u011fraflar\u0131 ilk kez sosyal medya hesab\u0131 instagram \u00fczerinden payla\u015ft\u0131.Alman oyuncu Wilma Elles&#8217;i&#8230;<\/p>\n","protected":false},"author":1,"featured_media":884,"comment_status":"open","ping_status":"open","sticky":false,"template":"","format":"standard","meta":{"footnotes":""},"categories":[9,13,11],"tags":[228],"_links":{"self":[{"href":"https:\/\/www.magazinhabercim.com\/index.php\/wp-json\/wp\/v2\/posts\/883"}],"collection":[{"href":"https:\/\/www.magazinhabercim.com\/index.php\/wp-json\/wp\/v2\/posts"}],"about":[{"href":"https:\/\/www.magazinhabercim.com\/index.php\/wp-json\/wp\/v2\/types\/post"}],"author":[{"embeddable":true,"href":"https:\/\/www.magazinhabercim.com\/index.php\/wp-json\/wp\/v2\/users\/1"}],"replies":[{"embeddable":true,"href":"https:\/\/www.magazinhabercim.com\/index.php\/wp-json\/wp\/v2\/comments?post=883"}],"version-history":[{"count":1,"href":"https:\/\/www.magazinhabercim.com\/index.php\/wp-json\/wp\/v2\/posts\/883\/revisions"}],"predecessor-version":[{"id":885,"href":"https:\/\/www.magazinhabercim.com\/index.php\/wp-json\/wp\/v2\/posts\/883\/revisions\/885"}],"wp:featuredmedia":[{"embeddable":true,"href":"https:\/\/www.magazinhabercim.com\/index.php\/wp-json\/wp\/v2\/media\/884"}],"wp:attachment":[{"href":"https:\/\/www.magazinhabercim.com\/index.php\/wp-json\/wp\/v2\/media?parent=883"}],"wp:term":[{"taxonomy":"category","embeddable":true,"href":"https:\/\/www.magazinhabercim.com\/index.php\/wp-json\/wp\/v2\/categories?post=883"},{"taxonomy":"post_tag","embeddable":true,"href":"https:\/\/www.magazinhabercim.com\/index.php\/wp-json\/wp\/v2\/tags?post=883"}],"curies":[{"name":"wp","href":"https:\/\/api.w.org\/{rel}","templated":true}]}}