{"id":886,"date":"2015-07-31T11:06:41","date_gmt":"2015-07-31T08:06:41","guid":{"rendered":"http:\/\/www.magazinhabercim.com\/?p=886"},"modified":"2015-08-11T18:15:48","modified_gmt":"2015-08-11T15:15:48","slug":"esra-gitti-zuhal-geldi","status":"publish","type":"post","link":"https:\/\/www.magazinhabercim.com\/index.php\/esra-gitti-zuhal-geldi\/","title":{"rendered":"Esra Gitti Zuhal Geldi !"},"content":{"rendered":"<p><a href=\"https:\/\/www.magazinhabercim.com\/wp-content\/uploads\/esraerol.jpg\"><img loading=\"lazy\" decoding=\"async\" class=\" wp-image-887 size-medium alignleft\" src=\"https:\/\/www.magazinhabercim.com\/wp-content\/uploads\/esraerol-300x178.jpg\" alt=\"esraerol\" width=\"300\" height=\"178\" srcset=\"https:\/\/www.magazinhabercim.com\/wp-content\/uploads\/esraerol-300x178.jpg 300w, https:\/\/www.magazinhabercim.com\/wp-content\/uploads\/esraerol.jpg 650w\" sizes=\"(max-width: 300px) 100vw, 300px\" \/><\/a>Fox Tv ekranlar\u0131nda yay\u0131nlanan ve \u00fc\u00e7 d\u00f6nemdir devam eden , evlilik program\u0131n\u0131n ard\u0131ndan ba\u015far\u0131l\u0131 sunucu Esra Erol&#8217;un bu sene Atv ile anla\u015ft\u0131\u011f\u0131 biliniyordu. Fox Tv&#8217;de ise Esra Erol&#8217;un yerine kimin getirilece\u011fi merak konusuydu.Song\u00fcl Karl\u0131 ve U\u011fur Arslan&#8217;\u0131n da uzun s\u00fcredir program yapt\u0131\u011f\u0131 Fox Tv&#8217;de Esra Erol&#8217;dan bo\u015falan koltu\u011fa Zuhal Topal&#8217;\u0131n getirilmesine karar verildi.<\/p>\n<p>Zuhal Topla&#8217;\u0131n sunaca\u011f\u0131 yeni evlilik program\u0131 ise Eyl\u00fcl ay\u0131nda ekranlardaki yerini alacak.Zuhal Topal daha \u00f6ncede 2009-2011 sezonlar\u0131 aras\u0131nda Star Tv&#8217;de ayn\u0131 formatta bir evlilik program\u0131 haz\u0131rlay\u0131p sunmu\u015ftu. Bu transferin reyting listlerini nas\u0131l etkileyece\u011fi ise \u015fimdiden merak konusu olmu\u015f durumda. Fox Tv&#8217;den Atv ye ge\u00e7en Esra Erol&#8217;un programlar\u0131nda reyting y\u00fckseli\u015fine inan\u0131lsada , t\u00fcm bunlar\u0131 konu\u015fmak i\u00e7in hen\u00fcz erken oldu\u011fu biliniyor.<\/p>\n<p>Bizlerde magazin habercim ailesi olarak her iki sunucuyada yeni yay\u0131n d\u00f6nemlerinde ba\u015far\u0131lar diliyoruz.<\/p>\n","protected":false},"excerpt":{"rendered":"<p>Fox Tv ekranlar\u0131nda yay\u0131nlanan ve \u00fc\u00e7 d\u00f6nemdir devam eden , evlilik program\u0131n\u0131n ard\u0131ndan ba\u015far\u0131l\u0131 sunucu Esra Erol&#8217;un bu sene Atv ile anla\u015ft\u0131\u011f\u0131 biliniyordu. Fox Tv&#8217;de ise Esra Erol&#8217;un yerine kimin getirilece\u011fi merak konusuydu.Song\u00fcl Karl\u0131 ve U\u011fur Arslan&#8217;\u0131n da uzun s\u00fcredir program yapt\u0131\u011f\u0131 Fox Tv&#8217;de Esra Erol&#8217;dan bo\u015falan koltu\u011fa Zuhal Topal&#8217;\u0131n getirilmesine karar verildi. Zuhal Topla&#8217;\u0131n&#8230;<\/p>\n","protected":false},"author":1,"featured_media":887,"comment_status":"open","ping_status":"open","sticky":false,"template":"","format":"standard","meta":{"footnotes":""},"categories":[10,138],"tags":[229,231,230],"_links":{"self":[{"href":"https:\/\/www.magazinhabercim.com\/index.php\/wp-json\/wp\/v2\/posts\/886"}],"collection":[{"href":"https:\/\/www.magazinhabercim.com\/index.php\/wp-json\/wp\/v2\/posts"}],"about":[{"href":"https:\/\/www.magazinhabercim.com\/index.php\/wp-json\/wp\/v2\/types\/post"}],"author":[{"embeddable":true,"href":"https:\/\/www.magazinhabercim.com\/index.php\/wp-json\/wp\/v2\/users\/1"}],"replies":[{"embeddable":true,"href":"https:\/\/www.magazinhabercim.com\/index.php\/wp-json\/wp\/v2\/comments?post=886"}],"version-history":[{"count":1,"href":"https:\/\/www.magazinhabercim.com\/index.php\/wp-json\/wp\/v2\/posts\/886\/revisions"}],"predecessor-version":[{"id":888,"href":"https:\/\/www.magazinhabercim.com\/index.php\/wp-json\/wp\/v2\/posts\/886\/revisions\/888"}],"wp:featuredmedia":[{"embeddable":true,"href":"https:\/\/www.magazinhabercim.com\/index.php\/wp-json\/wp\/v2\/media\/887"}],"wp:attachment":[{"href":"https:\/\/www.magazinhabercim.com\/index.php\/wp-json\/wp\/v2\/media?parent=886"}],"wp:term":[{"taxonomy":"category","embeddable":true,"href":"https:\/\/www.magazinhabercim.com\/index.php\/wp-json\/wp\/v2\/categories?post=886"},{"taxonomy":"post_tag","embeddable":true,"href":"https:\/\/www.magazinhabercim.com\/index.php\/wp-json\/wp\/v2\/tags?post=886"}],"curies":[{"name":"wp","href":"https:\/\/api.w.org\/{rel}","templated":true}]}}