{"id":893,"date":"2015-07-31T13:56:19","date_gmt":"2015-07-31T10:56:19","guid":{"rendered":"http:\/\/www.magazinhabercim.com\/?p=893"},"modified":"2015-08-11T18:35:20","modified_gmt":"2015-08-11T15:35:20","slug":"ebru-salli-sinan-hic-romantik-degil","status":"publish","type":"post","link":"https:\/\/www.magazinhabercim.com\/index.php\/ebru-salli-sinan-hic-romantik-degil\/","title":{"rendered":"Ebru \u015eall\u0131 : Sinan Hi\u00e7 Romantik De\u011fil !"},"content":{"rendered":"<p><a href=\"https:\/\/www.magazinhabercim.com\/wp-content\/uploads\/ebru-sinan-akcil6.jpg\"><img loading=\"lazy\" decoding=\"async\" class=\"alignleft wp-image-894 size-medium\" src=\"https:\/\/www.magazinhabercim.com\/wp-content\/uploads\/ebru-sinan-akcil6-277x300.jpg\" alt=\"ebru-sinan-akcil6\" width=\"277\" height=\"300\" srcset=\"https:\/\/www.magazinhabercim.com\/wp-content\/uploads\/ebru-sinan-akcil6-277x300.jpg 277w, https:\/\/www.magazinhabercim.com\/wp-content\/uploads\/ebru-sinan-akcil6.jpg 415w\" sizes=\"(max-width: 277px) 100vw, 277px\" \/><\/a><\/p>\n<h4>Ebru \u015eall\u0131 : Sinan Hi\u00e7 Romantik De\u011fil !<\/h4>\n<p>U\u00e7anku\u015f Tv&#8217;de &#8221;Ku\u015f bak\u0131\u015f\u0131&#8221; program\u0131na konuk olan Ebru \u015eall\u0131 2 senedir birlikte oldu\u011fu Sinan Ak\u00e7\u0131l hakk\u0131nda \u00e7arp\u0131c\u0131 yorumlara imza att\u0131 !<\/p>\n<p>Sinanla u\u011fra\u015fmak ve onunla anla\u015fabilmek insan\u0131 ger\u00e7ekten \u00e7ok yoruyor bu y\u00fczden bende ona &#8221;Sar\u0131 F\u0131rt\u0131na&#8221; lakab\u0131n\u0131 takt\u0131m dedi. Sinan Ak\u00e7\u0131l\u0131n T\u00fcrkiye&#8217;nin neredeyse b\u00fct\u00fcn a\u015fk \u015fark\u0131lar\u0131n\u0131 yazd\u0131\u011f\u0131n\u0131 fakat kendisinin hi\u00e7 romantik olmad\u0131\u011f\u0131n\u0131 dile getiren ba\u015far\u0131l\u0131 sunucu , mesela \u0130ngiliz oyuncu\u00a0Hugh Grant&#8217;den \u00f6rnek vermek istiyorum. Adam \u00e7ok romantik , filmlerde de \u00f6yle g\u00fcnl\u00fck ya\u015fant\u0131da da \u00f6yle. Adam\u0131n hayat\u0131 birbiriyle \u00f6rt\u00fc\u015f\u00fcyor. Sinan hi\u00e7 \u00f6yle de\u011fil dedi.<\/p>\n<p>\u0130ki y\u0131ld\u0131r mutlu bir birliktelik s\u00fcren \u00e7iftin ili\u015fkilerine nazar de\u011fmesin diyelim , Sinan Ak\u00e7\u0131l her ne kadar romantik olmasa da Ak\u00e7\u0131l ve \u015eall\u0131 \u00e7iftinin ili\u015fkileri sanat camias\u0131nda \u00f6rnek olarak g\u00f6steriliyor. Bizlerde magazin habercim olarak bir \u00f6m\u00fcr boyu mutlu olmalar\u0131n\u0131 diliyoruz.<\/p>\n","protected":false},"excerpt":{"rendered":"<p>Ebru \u015eall\u0131 : Sinan Hi\u00e7 Romantik De\u011fil ! U\u00e7anku\u015f Tv&#8217;de &#8221;Ku\u015f bak\u0131\u015f\u0131&#8221; program\u0131na konuk olan Ebru \u015eall\u0131 2 senedir birlikte oldu\u011fu Sinan Ak\u00e7\u0131l hakk\u0131nda \u00e7arp\u0131c\u0131 yorumlara imza att\u0131 ! Sinanla u\u011fra\u015fmak ve onunla anla\u015fabilmek insan\u0131 ger\u00e7ekten \u00e7ok yoruyor bu y\u00fczden bende ona &#8221;Sar\u0131 F\u0131rt\u0131na&#8221; lakab\u0131n\u0131 takt\u0131m dedi. Sinan Ak\u00e7\u0131l\u0131n T\u00fcrkiye&#8217;nin neredeyse b\u00fct\u00fcn a\u015fk \u015fark\u0131lar\u0131n\u0131 yazd\u0131\u011f\u0131n\u0131&#8230;<\/p>\n","protected":false},"author":1,"featured_media":895,"comment_status":"open","ping_status":"open","sticky":false,"template":"","format":"standard","meta":{"footnotes":""},"categories":[6,138,11],"tags":[236,235],"_links":{"self":[{"href":"https:\/\/www.magazinhabercim.com\/index.php\/wp-json\/wp\/v2\/posts\/893"}],"collection":[{"href":"https:\/\/www.magazinhabercim.com\/index.php\/wp-json\/wp\/v2\/posts"}],"about":[{"href":"https:\/\/www.magazinhabercim.com\/index.php\/wp-json\/wp\/v2\/types\/post"}],"author":[{"embeddable":true,"href":"https:\/\/www.magazinhabercim.com\/index.php\/wp-json\/wp\/v2\/users\/1"}],"replies":[{"embeddable":true,"href":"https:\/\/www.magazinhabercim.com\/index.php\/wp-json\/wp\/v2\/comments?post=893"}],"version-history":[{"count":1,"href":"https:\/\/www.magazinhabercim.com\/index.php\/wp-json\/wp\/v2\/posts\/893\/revisions"}],"predecessor-version":[{"id":896,"href":"https:\/\/www.magazinhabercim.com\/index.php\/wp-json\/wp\/v2\/posts\/893\/revisions\/896"}],"wp:featuredmedia":[{"embeddable":true,"href":"https:\/\/www.magazinhabercim.com\/index.php\/wp-json\/wp\/v2\/media\/895"}],"wp:attachment":[{"href":"https:\/\/www.magazinhabercim.com\/index.php\/wp-json\/wp\/v2\/media?parent=893"}],"wp:term":[{"taxonomy":"category","embeddable":true,"href":"https:\/\/www.magazinhabercim.com\/index.php\/wp-json\/wp\/v2\/categories?post=893"},{"taxonomy":"post_tag","embeddable":true,"href":"https:\/\/www.magazinhabercim.com\/index.php\/wp-json\/wp\/v2\/tags?post=893"}],"curies":[{"name":"wp","href":"https:\/\/api.w.org\/{rel}","templated":true}]}}