{"id":897,"date":"2015-07-31T18:46:16","date_gmt":"2015-07-31T15:46:16","guid":{"rendered":"http:\/\/www.magazinhabercim.com\/?p=897"},"modified":"2015-08-11T18:54:26","modified_gmt":"2015-08-11T15:54:26","slug":"genc-oyuncular-evlilik-karari-aldi","status":"publish","type":"post","link":"https:\/\/www.magazinhabercim.com\/index.php\/genc-oyuncular-evlilik-karari-aldi\/","title":{"rendered":"Gen\u00e7 Oyuncular Evlilik Karar\u0131 Ald\u0131 !"},"content":{"rendered":"<p><img loading=\"lazy\" decoding=\"async\" class=\"alignleft wp-image-898 size-medium\" src=\"https:\/\/www.magazinhabercim.com\/wp-content\/uploads\/ezgikaan-300x155.png\" alt=\"ezgikaan\" width=\"300\" height=\"155\" srcset=\"https:\/\/www.magazinhabercim.com\/wp-content\/uploads\/ezgikaan-300x155.png 300w, https:\/\/www.magazinhabercim.com\/wp-content\/uploads\/ezgikaan.png 664w\" sizes=\"(max-width: 300px) 100vw, 300px\" \/>Ulan \u0130stanbul dizisi ile ilk defa birbirlerini tan\u0131yan\u00a0Ezgi Ey\u00fcbo\u011flu ve Kaan Y\u0131ld\u0131r\u0131m, dizinin ard\u0131ndan &#8221;Ad\u0131 Mutluluk&#8221; adl\u0131 dizide de a\u015f\u0131k bir \u00e7ifti canland\u0131rmaya ba\u015flam\u0131\u015ft\u0131.Uzun zamand\u0131r ili\u015fkilerinin s\u00fcrd\u00fc\u011f\u00fc bilinen gen\u00e7 \u00e7iftten s\u00fcpriz bir haber geldi.Sosyal payla\u015f\u0131m sitesi instagram \u00fczerinden foto\u011fraf yay\u0131nlayarak evleneceklerini ilan eden gen\u00e7 \u00e7ift ge\u00e7ti\u011fimiz g\u00fcnlerde ise , ni\u015fan y\u00fcz\u00fcklerini takt\u0131lar.<\/p>\n<p>Kaan Y\u0131ld\u0131r\u0131m&#8217;dan gelen evlilik teklifinin hemen \u00fczerine Ezg\u00fc Ey\u00fcbo\u011flu ise tek ta\u015f\u0131yla \u00e7ekilmi\u015f bir foto\u011fraf y\u00fckleyerek , &#8221;Hayat\u0131m\u0131n en mutlu g\u00fcn\u00fcne evet!&#8221; s\u00f6zleriyle sevgilisi Kaan Y\u0131ld\u0131r\u0131m&#8217;a cevap verdi.Kaan Y\u0131ld\u0131r\u0131m ise bu cevab\u0131n ard\u0131ndan evlilik teklif etti\u011fi g\u00fcne dair , \u00f6zel bir kareyi takip\u00e7ileri ile payla\u015ft\u0131. Payla\u015fm\u0131\u015f oldu\u011fu foto\u011frafta\u0131n Kaan&#8217;\u0131n evlilik teklifi i\u00e7in epeyce haz\u0131rland\u0131\u011f\u0131 belli oluyordu. Masadaki g\u00fczelce s\u00fcslenmi\u015f g\u00fcllerden,m\u00fczisyenlere kadar bir \u00e7ok ince ayr\u0131nt\u0131 d\u00fc\u015f\u00fcn\u00fclm\u00fc\u015ft\u00fc.<\/p>\n<p>Bizde gen\u00e7 \u00e7iftimize magazin habercim ailesi olarak bir \u00f6m\u00fcr boyu mutluluklar diliyoruz.<\/p>\n","protected":false},"excerpt":{"rendered":"<p>Ulan \u0130stanbul dizisi ile ilk defa birbirlerini tan\u0131yan\u00a0Ezgi Ey\u00fcbo\u011flu ve Kaan Y\u0131ld\u0131r\u0131m, dizinin ard\u0131ndan &#8221;Ad\u0131 Mutluluk&#8221; adl\u0131 dizide de a\u015f\u0131k bir \u00e7ifti canland\u0131rmaya ba\u015flam\u0131\u015ft\u0131.Uzun zamand\u0131r ili\u015fkilerinin s\u00fcrd\u00fc\u011f\u00fc bilinen gen\u00e7 \u00e7iftten s\u00fcpriz bir haber geldi.Sosyal payla\u015f\u0131m sitesi instagram \u00fczerinden foto\u011fraf yay\u0131nlayarak evleneceklerini ilan eden gen\u00e7 \u00e7ift ge\u00e7ti\u011fimiz g\u00fcnlerde ise , ni\u015fan y\u00fcz\u00fcklerini takt\u0131lar. Kaan Y\u0131ld\u0131r\u0131m&#8217;dan gelen&#8230;<\/p>\n","protected":false},"author":1,"featured_media":899,"comment_status":"open","ping_status":"open","sticky":false,"template":"","format":"standard","meta":{"footnotes":""},"categories":[138,11],"tags":[237,238],"_links":{"self":[{"href":"https:\/\/www.magazinhabercim.com\/index.php\/wp-json\/wp\/v2\/posts\/897"}],"collection":[{"href":"https:\/\/www.magazinhabercim.com\/index.php\/wp-json\/wp\/v2\/posts"}],"about":[{"href":"https:\/\/www.magazinhabercim.com\/index.php\/wp-json\/wp\/v2\/types\/post"}],"author":[{"embeddable":true,"href":"https:\/\/www.magazinhabercim.com\/index.php\/wp-json\/wp\/v2\/users\/1"}],"replies":[{"embeddable":true,"href":"https:\/\/www.magazinhabercim.com\/index.php\/wp-json\/wp\/v2\/comments?post=897"}],"version-history":[{"count":1,"href":"https:\/\/www.magazinhabercim.com\/index.php\/wp-json\/wp\/v2\/posts\/897\/revisions"}],"predecessor-version":[{"id":900,"href":"https:\/\/www.magazinhabercim.com\/index.php\/wp-json\/wp\/v2\/posts\/897\/revisions\/900"}],"wp:featuredmedia":[{"embeddable":true,"href":"https:\/\/www.magazinhabercim.com\/index.php\/wp-json\/wp\/v2\/media\/899"}],"wp:attachment":[{"href":"https:\/\/www.magazinhabercim.com\/index.php\/wp-json\/wp\/v2\/media?parent=897"}],"wp:term":[{"taxonomy":"category","embeddable":true,"href":"https:\/\/www.magazinhabercim.com\/index.php\/wp-json\/wp\/v2\/categories?post=897"},{"taxonomy":"post_tag","embeddable":true,"href":"https:\/\/www.magazinhabercim.com\/index.php\/wp-json\/wp\/v2\/tags?post=897"}],"curies":[{"name":"wp","href":"https:\/\/api.w.org\/{rel}","templated":true}]}}